{"id":1363,"date":"2023-09-04T08:49:04","date_gmt":"2023-09-04T08:49:04","guid":{"rendered":"https:\/\/ecobuga.com\/?p=1363"},"modified":"2023-10-23T09:17:07","modified_gmt":"2023-10-23T09:17:07","slug":"historia-de-les-bugaderies-autoservei-a-espanya","status":"publish","type":"post","link":"https:\/\/ecobuga.com\/ca\/historia-de-les-bugaderies-autoservei-a-espanya\/","title":{"rendered":"Hist\u00f2ria de les bugaderies autoservei a Espanya"},"content":{"rendered":"\n<h2 class=\"wp-block-heading\">La popularitat creixent de les bugaderies autoservei<\/h2>\n\n\n\n<p>\u00bfBugaderia autoservei&nbsp;a casa nostra? Costa creure-ho; al capdavall, sempre que hem vist una pel.l\u00edcula on els protagonistes es coneixen, xerren o lliguen entre rentadores i cistelles de roba, aquesta era evidentment&nbsp;nord-americana. Pel que fa el costumisme modern espanyol, correspon m\u00e9s b\u00e9 les escenes de roba estesa al sol\u2026 almenys fins que van arribar les assecadores\u2026<\/p>\n\n\n\n<p>Per\u00f2 els temps canvien, i els costums tamb\u00e9. O m\u00e9s aviat s\u00f3n els costums les que fan canviar el temps. La&nbsp;<strong>bugaderia autoservei<\/strong>&nbsp;existeix des de fa molt de temps \u2013 de fet, es diu que la primera va ser oberta a&nbsp;Fort Worth, Texas, al 1934 -, i del seu pa\u00eds d\u2019origen, Estats Units, van passar a altres com Anglaterra on van viure un veritable auge en els anys 60. La mateixa \u00e8poca on a Espanya sembl\u00e0vem haver-nos pres en sentit literal la frase que \u201cla roba bruta es renta a casa\u201d. Aqu\u00ed passem de&nbsp;<strong>rentar a m\u00e0<\/strong>&nbsp;a omplir les nostres llars de rentadores pagades en c\u00f2modes terminis.<\/p>\n\n\n\n<figure class=\"wp-block-image size-full is-resized\"><img fetchpriority=\"high\" decoding=\"async\" width=\"595\" height=\"406\" src=\"https:\/\/ecobuga.com\/wp-content\/uploads\/2023\/09\/bugaderia-autoservei-puigcerda-old.jpg\" alt=\"Hist\u00f2ria de les bugaderies autoservei a Espanya\" class=\"wp-image-1365\" style=\"aspect-ratio:1.4655172413793103;width:713px;height:auto\" srcset=\"https:\/\/ecobuga.com\/wp-content\/uploads\/2023\/09\/bugaderia-autoservei-puigcerda-old.jpg 595w, https:\/\/ecobuga.com\/wp-content\/uploads\/2023\/09\/bugaderia-autoservei-puigcerda-old-300x205.jpg 300w\" sizes=\"(max-width: 595px) 100vw, 595px\" \/><\/figure>\n\n\n\n<p>Del col\u2022lectiu d\u2019immigrants i els solters, el seu \u00fas s\u2019est\u00e0 estenent cada vegada m\u00e9s a les fam\u00edlies<br>I no obstant aix\u00f2, de sobte veiem que el nombre de&nbsp;<strong>bugaderies autoservei<\/strong>&nbsp;s\u2019ha duplicat en l\u2019\u00faltim any. \u00d2bviament, partint de xifres molt baixes, per\u00f2 a la vegada amb expectatives molt altes de creixement.<\/p>\n\n\n\n<p>Per\u00f2 com \u00e9s que les rentadores estan sortint a poc a poc de les llars?<br>Un dels motius principals \u00e9s que l\u2019espectre de&nbsp;<strong>poblaci\u00f3 ha canviat<\/strong>. Ara hi ha molta poblaci\u00f3 immigrant que procedeix de pa\u00efsos on s\u00ed que estan acostumats a les&nbsp;<strong>bugaderies<\/strong>; tamb\u00e9 hi ha persones que s\u2019independitzen, viuen soles, per\u00f2 no poden dedicar tots els dies el&nbsp;<strong>temps<\/strong>&nbsp;necessari a&nbsp;<strong>rentar la roba<\/strong>, i prefereixen, en comptes de fer dues o tres bugades amb les rentadores petites, anar el cap de setmana amb un paquet gran de roba i&nbsp;<strong>rentar tot alhora en una sola c\u00e0rrega<\/strong>. I finalment, hi ha tamb\u00e9 gent que t\u00e9 avariada la m\u00e0quina de casa i no t\u00e9 tres-cents euros per comprar una de nova\u2026 per\u00f2 s\u00ed quatre&nbsp;per fer a la&nbsp;<strong>bugaderia la bugada de la setmana<\/strong>, amb els llen\u00e7ols i les tovalloles.<\/p>\n\n\n\n<p>En una rentadora de casa cap un edred\u00f3, un de sol, i amb dificultat segons el gran o esponj\u00f3s que sigui. I de vegades no es remulla b\u00e9, perqu\u00e8 amb ell la rentadora est\u00e0 molt plena. Una opci\u00f3 \u00e9s anar a la tintoreria, que \u00e9s cara, encara que com a conseq\u00fc\u00e8ncia de l\u2019extensi\u00f3 de les bugaderies, els preus estan comen\u00e7ant a baixar. I una altra \u00e9s la bugaderia on, per quatre o cinc euros, pots rentar no un, sin\u00f3&nbsp;<strong>tres o quatre edredons, llen\u00e7ols, mantes<\/strong>&nbsp;\u2026 i despr\u00e9s assecar-los per tres o quatre euros m\u00e9s.<\/p>\n\n\n\n<p>Vols saber qu\u00e8 \u00e9s&nbsp;<strong>EcoBuga<\/strong>&nbsp;i qu\u00e8 t\u2019ofereix? Fes clic&nbsp;<a href=\"https:\/\/ecobuga.com\/ca\">aqu\u00ed<\/a><\/p>\n\n\n\n<p>Vols saber on trobar-nos? Fes clic&nbsp;<a href=\"https:\/\/ecobuga.com\/ca\/contacte\">aqu\u00ed<\/a><\/p>\n","protected":false},"excerpt":{"rendered":"<p>Bugaderia autoservei\u00a0a casa nostra? Costa creure-ho; al capdavall, sempre que hem vist una pel.l\u00edcula on els protagonistes es coneixen &#8230;<\/p>\n","protected":false},"author":2,"featured_media":1365,"comment_status":"open","ping_status":"open","sticky":false,"template":"","format":"standard","meta":{"footnotes":""},"categories":[1],"tags":[],"class_list":["post-1363","post","type-post","status-publish","format-standard","has-post-thumbnail","hentry","category-sin-categorizar"],"yoast_head":"<!-- This site is optimized with the Yoast SEO plugin v26.8 - https:\/\/yoast.com\/product\/yoast-seo-wordpress\/ -->\n<title>Bugaderies autoservei a Espanya | Bugaderia a La Cerdanya<\/title>\n<meta name=\"description\" content=\"Explora l&#039;evoluci\u00f3 i popularitat de les bugaderies autoservei a Espanya amb EcoBuga. Del cinema americ\u00e0 als nostres carrers.\" \/>\n<meta name=\"robots\" content=\"index, follow, max-snippet:-1, max-image-preview:large, max-video-preview:-1\" \/>\n<link rel=\"canonical\" href=\"https:\/\/ecobuga.com\/ca\/historia-de-les-bugaderies-autoservei-a-espanya\/\" \/>\n<meta property=\"og:locale\" content=\"en_US\" \/>\n<meta property=\"og:type\" content=\"article\" \/>\n<meta property=\"og:title\" content=\"Bugaderies autoservei a Espanya | Bugaderia a La Cerdanya\" \/>\n<meta property=\"og:description\" content=\"Explora l&#039;evoluci\u00f3 i popularitat de les bugaderies autoservei a Espanya amb EcoBuga. Del cinema americ\u00e0 als nostres carrers.\" \/>\n<meta property=\"og:url\" content=\"https:\/\/ecobuga.com\/ca\/historia-de-les-bugaderies-autoservei-a-espanya\/\" \/>\n<meta property=\"og:site_name\" content=\"Lavander\u00edas Autoservicio La Cerdanya\" \/>\n<meta property=\"article:published_time\" content=\"2023-09-04T08:49:04+00:00\" \/>\n<meta property=\"article:modified_time\" content=\"2023-10-23T09:17:07+00:00\" \/>\n<meta property=\"og:image\" content=\"https:\/\/ecobuga.com\/wp-content\/uploads\/2023\/09\/bugaderia-autoservei-puigcerda-old.jpg\" \/>\n\t<meta property=\"og:image:width\" content=\"595\" \/>\n\t<meta property=\"og:image:height\" content=\"406\" \/>\n\t<meta property=\"og:image:type\" content=\"image\/jpeg\" \/>\n<meta name=\"author\" content=\"Oriol EcoBuga\" \/>\n<meta name=\"twitter:card\" content=\"summary_large_image\" \/>\n<meta name=\"twitter:label1\" content=\"Written by\" \/>\n\t<meta name=\"twitter:data1\" content=\"Oriol EcoBuga\" \/>\n\t<meta name=\"twitter:label2\" content=\"Est. reading time\" \/>\n\t<meta name=\"twitter:data2\" content=\"3 minutes\" \/>\n<script type=\"application\/ld+json\" class=\"yoast-schema-graph\">{\"@context\":\"https:\/\/schema.org\",\"@graph\":[{\"@type\":\"Article\",\"@id\":\"https:\/\/ecobuga.com\/ca\/historia-de-les-bugaderies-autoservei-a-espanya\/#article\",\"isPartOf\":{\"@id\":\"https:\/\/ecobuga.com\/ca\/historia-de-les-bugaderies-autoservei-a-espanya\/\"},\"author\":{\"name\":\"Oriol EcoBuga\",\"@id\":\"https:\/\/ecobuga.com\/#\/schema\/person\/ec6dc733bdce00df49c79947a72c93f6\"},\"headline\":\"Hist\u00f2ria de les bugaderies autoservei a Espanya\",\"datePublished\":\"2023-09-04T08:49:04+00:00\",\"dateModified\":\"2023-10-23T09:17:07+00:00\",\"mainEntityOfPage\":{\"@id\":\"https:\/\/ecobuga.com\/ca\/historia-de-les-bugaderies-autoservei-a-espanya\/\"},\"wordCount\":535,\"commentCount\":0,\"image\":{\"@id\":\"https:\/\/ecobuga.com\/ca\/historia-de-les-bugaderies-autoservei-a-espanya\/#primaryimage\"},\"thumbnailUrl\":\"https:\/\/ecobuga.com\/wp-content\/uploads\/2023\/09\/bugaderia-autoservei-puigcerda-old.jpg\",\"articleSection\":[\"Sin categorizar\"],\"inLanguage\":\"cat\",\"potentialAction\":[{\"@type\":\"CommentAction\",\"name\":\"Comment\",\"target\":[\"https:\/\/ecobuga.com\/ca\/historia-de-les-bugaderies-autoservei-a-espanya\/#respond\"]}]},{\"@type\":\"WebPage\",\"@id\":\"https:\/\/ecobuga.com\/ca\/historia-de-les-bugaderies-autoservei-a-espanya\/\",\"url\":\"https:\/\/ecobuga.com\/ca\/historia-de-les-bugaderies-autoservei-a-espanya\/\",\"name\":\"Bugaderies autoservei a Espanya | Bugaderia a La Cerdanya\",\"isPartOf\":{\"@id\":\"https:\/\/ecobuga.com\/#website\"},\"primaryImageOfPage\":{\"@id\":\"https:\/\/ecobuga.com\/ca\/historia-de-les-bugaderies-autoservei-a-espanya\/#primaryimage\"},\"image\":{\"@id\":\"https:\/\/ecobuga.com\/ca\/historia-de-les-bugaderies-autoservei-a-espanya\/#primaryimage\"},\"thumbnailUrl\":\"https:\/\/ecobuga.com\/wp-content\/uploads\/2023\/09\/bugaderia-autoservei-puigcerda-old.jpg\",\"datePublished\":\"2023-09-04T08:49:04+00:00\",\"dateModified\":\"2023-10-23T09:17:07+00:00\",\"author\":{\"@id\":\"https:\/\/ecobuga.com\/#\/schema\/person\/ec6dc733bdce00df49c79947a72c93f6\"},\"description\":\"Explora l'evoluci\u00f3 i popularitat de les bugaderies autoservei a Espanya amb EcoBuga. Del cinema americ\u00e0 als nostres carrers.\",\"breadcrumb\":{\"@id\":\"https:\/\/ecobuga.com\/ca\/historia-de-les-bugaderies-autoservei-a-espanya\/#breadcrumb\"},\"inLanguage\":\"cat\",\"potentialAction\":[{\"@type\":\"ReadAction\",\"target\":[\"https:\/\/ecobuga.com\/ca\/historia-de-les-bugaderies-autoservei-a-espanya\/\"]}]},{\"@type\":\"ImageObject\",\"inLanguage\":\"cat\",\"@id\":\"https:\/\/ecobuga.com\/ca\/historia-de-les-bugaderies-autoservei-a-espanya\/#primaryimage\",\"url\":\"https:\/\/ecobuga.com\/wp-content\/uploads\/2023\/09\/bugaderia-autoservei-puigcerda-old.jpg\",\"contentUrl\":\"https:\/\/ecobuga.com\/wp-content\/uploads\/2023\/09\/bugaderia-autoservei-puigcerda-old.jpg\",\"width\":595,\"height\":406,\"caption\":\"Hist\u00f2ria de les bugaderies autoservei a Espanya\"},{\"@type\":\"BreadcrumbList\",\"@id\":\"https:\/\/ecobuga.com\/ca\/historia-de-les-bugaderies-autoservei-a-espanya\/#breadcrumb\",\"itemListElement\":[{\"@type\":\"ListItem\",\"position\":1,\"name\":\"Portada\",\"item\":\"https:\/\/ecobuga.com\/\"},{\"@type\":\"ListItem\",\"position\":2,\"name\":\"Hist\u00f2ria de les bugaderies autoservei a Espanya\"}]},{\"@type\":\"WebSite\",\"@id\":\"https:\/\/ecobuga.com\/#website\",\"url\":\"https:\/\/ecobuga.com\/\",\"name\":\"Lavander\u00edas Autoservicio La Cerdanya\",\"description\":\"Lavander\u00edas Autoservicio La Cerdanya \/ Limpieza de Sof\u00e1s, Alfombras y Tapicer\u00eda en general\",\"potentialAction\":[{\"@type\":\"SearchAction\",\"target\":{\"@type\":\"EntryPoint\",\"urlTemplate\":\"https:\/\/ecobuga.com\/?s={search_term_string}\"},\"query-input\":{\"@type\":\"PropertyValueSpecification\",\"valueRequired\":true,\"valueName\":\"search_term_string\"}}],\"inLanguage\":\"cat\"},{\"@type\":\"Person\",\"@id\":\"https:\/\/ecobuga.com\/#\/schema\/person\/ec6dc733bdce00df49c79947a72c93f6\",\"name\":\"Oriol EcoBuga\",\"image\":{\"@type\":\"ImageObject\",\"inLanguage\":\"cat\",\"@id\":\"https:\/\/ecobuga.com\/#\/schema\/person\/image\/\",\"url\":\"https:\/\/secure.gravatar.com\/avatar\/110d0f3ab3f2f7daa83a8ef3d6929eb2?s=96&d=mm&r=g\",\"contentUrl\":\"https:\/\/secure.gravatar.com\/avatar\/110d0f3ab3f2f7daa83a8ef3d6929eb2?s=96&d=mm&r=g\",\"caption\":\"Oriol EcoBuga\"},\"url\":\"https:\/\/ecobuga.com\/ca\/author\/ecoriol\/\"}]}<\/script>\n<!-- \/ Yoast SEO plugin. -->","yoast_head_json":{"title":"Bugaderies autoservei a Espanya | Bugaderia a La Cerdanya","description":"Explora l'evoluci\u00f3 i popularitat de les bugaderies autoservei a Espanya amb EcoBuga. Del cinema americ\u00e0 als nostres carrers.","robots":{"index":"index","follow":"follow","max-snippet":"max-snippet:-1","max-image-preview":"max-image-preview:large","max-video-preview":"max-video-preview:-1"},"canonical":"https:\/\/ecobuga.com\/ca\/historia-de-les-bugaderies-autoservei-a-espanya\/","og_locale":"en_US","og_type":"article","og_title":"Bugaderies autoservei a Espanya | Bugaderia a La Cerdanya","og_description":"Explora l'evoluci\u00f3 i popularitat de les bugaderies autoservei a Espanya amb EcoBuga. Del cinema americ\u00e0 als nostres carrers.","og_url":"https:\/\/ecobuga.com\/ca\/historia-de-les-bugaderies-autoservei-a-espanya\/","og_site_name":"Lavander\u00edas Autoservicio La Cerdanya","article_published_time":"2023-09-04T08:49:04+00:00","article_modified_time":"2023-10-23T09:17:07+00:00","og_image":[{"width":595,"height":406,"url":"https:\/\/ecobuga.com\/wp-content\/uploads\/2023\/09\/bugaderia-autoservei-puigcerda-old.jpg","type":"image\/jpeg"}],"author":"Oriol EcoBuga","twitter_card":"summary_large_image","twitter_misc":{"Written by":"Oriol EcoBuga","Est. reading time":"3 minutes"},"schema":{"@context":"https:\/\/schema.org","@graph":[{"@type":"Article","@id":"https:\/\/ecobuga.com\/ca\/historia-de-les-bugaderies-autoservei-a-espanya\/#article","isPartOf":{"@id":"https:\/\/ecobuga.com\/ca\/historia-de-les-bugaderies-autoservei-a-espanya\/"},"author":{"name":"Oriol EcoBuga","@id":"https:\/\/ecobuga.com\/#\/schema\/person\/ec6dc733bdce00df49c79947a72c93f6"},"headline":"Hist\u00f2ria de les bugaderies autoservei a Espanya","datePublished":"2023-09-04T08:49:04+00:00","dateModified":"2023-10-23T09:17:07+00:00","mainEntityOfPage":{"@id":"https:\/\/ecobuga.com\/ca\/historia-de-les-bugaderies-autoservei-a-espanya\/"},"wordCount":535,"commentCount":0,"image":{"@id":"https:\/\/ecobuga.com\/ca\/historia-de-les-bugaderies-autoservei-a-espanya\/#primaryimage"},"thumbnailUrl":"https:\/\/ecobuga.com\/wp-content\/uploads\/2023\/09\/bugaderia-autoservei-puigcerda-old.jpg","articleSection":["Sin categorizar"],"inLanguage":"cat","potentialAction":[{"@type":"CommentAction","name":"Comment","target":["https:\/\/ecobuga.com\/ca\/historia-de-les-bugaderies-autoservei-a-espanya\/#respond"]}]},{"@type":"WebPage","@id":"https:\/\/ecobuga.com\/ca\/historia-de-les-bugaderies-autoservei-a-espanya\/","url":"https:\/\/ecobuga.com\/ca\/historia-de-les-bugaderies-autoservei-a-espanya\/","name":"Bugaderies autoservei a Espanya | Bugaderia a La Cerdanya","isPartOf":{"@id":"https:\/\/ecobuga.com\/#website"},"primaryImageOfPage":{"@id":"https:\/\/ecobuga.com\/ca\/historia-de-les-bugaderies-autoservei-a-espanya\/#primaryimage"},"image":{"@id":"https:\/\/ecobuga.com\/ca\/historia-de-les-bugaderies-autoservei-a-espanya\/#primaryimage"},"thumbnailUrl":"https:\/\/ecobuga.com\/wp-content\/uploads\/2023\/09\/bugaderia-autoservei-puigcerda-old.jpg","datePublished":"2023-09-04T08:49:04+00:00","dateModified":"2023-10-23T09:17:07+00:00","author":{"@id":"https:\/\/ecobuga.com\/#\/schema\/person\/ec6dc733bdce00df49c79947a72c93f6"},"description":"Explora l'evoluci\u00f3 i popularitat de les bugaderies autoservei a Espanya amb EcoBuga. Del cinema americ\u00e0 als nostres carrers.","breadcrumb":{"@id":"https:\/\/ecobuga.com\/ca\/historia-de-les-bugaderies-autoservei-a-espanya\/#breadcrumb"},"inLanguage":"cat","potentialAction":[{"@type":"ReadAction","target":["https:\/\/ecobuga.com\/ca\/historia-de-les-bugaderies-autoservei-a-espanya\/"]}]},{"@type":"ImageObject","inLanguage":"cat","@id":"https:\/\/ecobuga.com\/ca\/historia-de-les-bugaderies-autoservei-a-espanya\/#primaryimage","url":"https:\/\/ecobuga.com\/wp-content\/uploads\/2023\/09\/bugaderia-autoservei-puigcerda-old.jpg","contentUrl":"https:\/\/ecobuga.com\/wp-content\/uploads\/2023\/09\/bugaderia-autoservei-puigcerda-old.jpg","width":595,"height":406,"caption":"Hist\u00f2ria de les bugaderies autoservei a Espanya"},{"@type":"BreadcrumbList","@id":"https:\/\/ecobuga.com\/ca\/historia-de-les-bugaderies-autoservei-a-espanya\/#breadcrumb","itemListElement":[{"@type":"ListItem","position":1,"name":"Portada","item":"https:\/\/ecobuga.com\/"},{"@type":"ListItem","position":2,"name":"Hist\u00f2ria de les bugaderies autoservei a Espanya"}]},{"@type":"WebSite","@id":"https:\/\/ecobuga.com\/#website","url":"https:\/\/ecobuga.com\/","name":"Lavander\u00edas Autoservicio La Cerdanya","description":"Lavander\u00edas Autoservicio La Cerdanya \/ Limpieza de Sof\u00e1s, Alfombras y Tapicer\u00eda en general","potentialAction":[{"@type":"SearchAction","target":{"@type":"EntryPoint","urlTemplate":"https:\/\/ecobuga.com\/?s={search_term_string}"},"query-input":{"@type":"PropertyValueSpecification","valueRequired":true,"valueName":"search_term_string"}}],"inLanguage":"cat"},{"@type":"Person","@id":"https:\/\/ecobuga.com\/#\/schema\/person\/ec6dc733bdce00df49c79947a72c93f6","name":"Oriol EcoBuga","image":{"@type":"ImageObject","inLanguage":"cat","@id":"https:\/\/ecobuga.com\/#\/schema\/person\/image\/","url":"https:\/\/secure.gravatar.com\/avatar\/110d0f3ab3f2f7daa83a8ef3d6929eb2?s=96&d=mm&r=g","contentUrl":"https:\/\/secure.gravatar.com\/avatar\/110d0f3ab3f2f7daa83a8ef3d6929eb2?s=96&d=mm&r=g","caption":"Oriol EcoBuga"},"url":"https:\/\/ecobuga.com\/ca\/author\/ecoriol\/"}]}},"_links":{"self":[{"href":"https:\/\/ecobuga.com\/ca\/wp-json\/wp\/v2\/posts\/1363","targetHints":{"allow":["GET"]}}],"collection":[{"href":"https:\/\/ecobuga.com\/ca\/wp-json\/wp\/v2\/posts"}],"about":[{"href":"https:\/\/ecobuga.com\/ca\/wp-json\/wp\/v2\/types\/post"}],"author":[{"embeddable":true,"href":"https:\/\/ecobuga.com\/ca\/wp-json\/wp\/v2\/users\/2"}],"replies":[{"embeddable":true,"href":"https:\/\/ecobuga.com\/ca\/wp-json\/wp\/v2\/comments?post=1363"}],"version-history":[{"count":10,"href":"https:\/\/ecobuga.com\/ca\/wp-json\/wp\/v2\/posts\/1363\/revisions"}],"predecessor-version":[{"id":2042,"href":"https:\/\/ecobuga.com\/ca\/wp-json\/wp\/v2\/posts\/1363\/revisions\/2042"}],"wp:featuredmedia":[{"embeddable":true,"href":"https:\/\/ecobuga.com\/ca\/wp-json\/wp\/v2\/media\/1365"}],"wp:attachment":[{"href":"https:\/\/ecobuga.com\/ca\/wp-json\/wp\/v2\/media?parent=1363"}],"wp:term":[{"taxonomy":"category","embeddable":true,"href":"https:\/\/ecobuga.com\/ca\/wp-json\/wp\/v2\/categories?post=1363"},{"taxonomy":"post_tag","embeddable":true,"href":"https:\/\/ecobuga.com\/ca\/wp-json\/wp\/v2\/tags?post=1363"}],"curies":[{"name":"wp","href":"https:\/\/api.w.org\/{rel}","templated":true}]}}